{"id":55838,"date":"2017-12-21T18:31:34","date_gmt":"2017-12-21T17:31:34","guid":{"rendered":"http:\/\/et-voila.de\/blog\/?p=55838"},"modified":"2017-12-21T18:32:31","modified_gmt":"2017-12-21T17:32:31","slug":"fdw-82","status":"publish","type":"post","link":"https:\/\/et-voila.de\/blog\/dies-das\/fdw-82\/","title":{"rendered":"Fang der Woche #82: {HOW TO} STYLE FOR COPORATE CHRISTMAS"},"content":{"rendered":"<p><img fetchpriority=\"high\" decoding=\"async\" class=\"alignnone size-full wp-image-41823\" src=\"http:\/\/et-voila.de\/blog\/wp-content\/uploads\/2014\/10\/fangderwoche_logo.jpg\" alt=\"fangderwoche_logo\" width=\"400\" height=\"335\" srcset=\"https:\/\/et-voila.de\/blog\/wp-content\/uploads\/2014\/10\/fangderwoche_logo.jpg 400w, https:\/\/et-voila.de\/blog\/wp-content\/uploads\/2014\/10\/fangderwoche_logo-286x240.jpg 286w\" sizes=\"(max-width: 400px) 100vw, 400px\" \/><\/p>\n<p><img decoding=\"async\" class=\"alignnone size-full wp-image-55839\" src=\"http:\/\/et-voila.de\/blog\/wp-content\/uploads\/2017\/12\/jackandjones.jpg\" alt=\"jackandjones\" width=\"400\" height=\"538\" srcset=\"https:\/\/et-voila.de\/blog\/wp-content\/uploads\/2017\/12\/jackandjones.jpg 400w, https:\/\/et-voila.de\/blog\/wp-content\/uploads\/2017\/12\/jackandjones-178x240.jpg 178w, https:\/\/et-voila.de\/blog\/wp-content\/uploads\/2017\/12\/jackandjones-297x400.jpg 297w\" sizes=\"(max-width: 400px) 100vw, 400px\" \/><\/p>\n<p>P\u00fcntklich zur Vorweihnachtszeit melden wir uns mal wieder mit einem Post zur\u00fcck! Diesmal mit einemThema, welches aktuell in meinem Freundeskreis hei\u00df diskutiert wird: Was ziehe ich &#8211; als Mann &#8211; f\u00fcr die betriebliche Weihnachtsfeier an? <!--more--><\/p>\n<p>Es ist nicht immer ganz einfach, sich dem Anlass entsprechend zu kleiden. Abh\u00e4ngig von dem Umfang der Feier (entspanntes Bierchentrinken vor Ort in der Firma, edles Steakhaus oder der klassische Weihnachtsmarktbesuch), der gew\u00fcnschten Kleiderordnung des Betriebes (Anzug- oder zumindest Kragenpflicht?) und dem pers\u00f6nlichen Geschmack sollte man ein Outfit w\u00e4hlen, dass einerseits zum Rahmen der Feierlichkeit, aber auch zum eigenen Stil passt und in dem man sich den ganzen Abend lang wohl f\u00fchlt.<\/p>\n<p>Ich habe mich also auf die Suche nach dem perfekten Outfit gemacht, f\u00fcr das man &#8211; wenn man schnell ist &#8211; noch nicht einmal in die \u00fcberf\u00fcllen L\u00e4den rennen muss, sondern welches man ganz bequem nach Hause bestellen kann. Und das beste: alle Kleidungsst\u00fccke die ihr oben in der Collage seht, kosten zusammen gerade einmal 140\u20ac (Sale sei Dank!). Sie sind neutral und zeitlos und lassen sich auch im kommenden Jahr wunderbar weitertragen.<\/p>\n<p>Alle Teile habe ich bei JACK &amp; JONES gefunden:<\/p>\n<p><strong>Hemd &#8211; 14,95\u20ac<\/strong><\/p>\n<p>Das freundliche und frische Rosa des Leinenhemds geht wunderbar zu grau und hebt sich bewusst <a href=\"https:\/\/www.jackjones.com\/de\/de\/jj\/hemden\/\">von klassischen Winterhemden<\/a> ab.<\/p>\n<p><strong>Strickpullover &#8211; 27,95\u20ac<\/strong><\/p>\n<p><a href=\"https:\/\/www.jackjones.com\/de\/de\/jj\/strickwaren\/pullovers\/laessiger-strickpullover-12122475.html?cgid=jj-cardigansjumpers-jumpers&amp;dwvar_colorPattern=12122475_GreyMelange_569111\">Dieses kuscheliges Strickteil<\/a> zum Dr\u00fcbenziehen. Gem\u00fctlich und angezogen zugleich!<\/p>\n<p><strong>Jeans &#8211; 41,95\u20ac<\/strong><\/p>\n<p>Die Zeiten der steifen Anzughosen sind vorbei! Mit einer gepflegten, <a href=\"https:\/\/www.jackjones.com\/de\/de\/jj\/jeans\/comfort-fit\/mike-original-am-215-comfort-fit-jeans-12117452.html?cgid=jj-jeans-comfort&amp;dwvar_colorPattern=12117452_BlueDenim\">klassischen Blue Jeans<\/a> ist man moderner unterwegs.<\/p>\n<p><strong>G\u00fcrtel &#8211; 20,95\u20ac<\/strong><\/p>\n<p>Passend zu Hemd und Pullover wertet <a href=\"https:\/\/www.jackjones.com\/de\/de\/jj\/accessoires\/guertel\/leder-guertel-12129522.html?cgid=jj-accessories-belts&amp;dwvar_colorPattern=12129522_DarkGrey\">dieser graue Lederg\u00fcrtel<\/a> das Outfit gekonnt auf.<\/p>\n<p><strong>Schuhe &#8211; 34,95\u20ac<\/strong><\/p>\n<p>Den perfekten Abschuss bilden <a href=\"https:\/\/www.jackjones.com\/de\/de\/jj\/schuhe\/freizeitschuhe\/laessige-schuhe-12120747.html?cgid=jj-shoes-casual&amp;dwvar_colorPattern=12120747_NavyBlazer\">diese klassischen Boat Shoes in dunkelblau<\/a>.<\/p>\n<p style=\"text-align: center;\">_______<\/p>\n<p style=\"text-align: left;\">Wer wissen m\u00f6chte, wie sich das gekaufte Weihnachtsoutfit auch weiterhin im Alltag kombinieren l\u00e4sst, sollte mal bei GQ vorbeischauen. Dort gibt es den Artikel &#8222;<a href=\"https:\/\/www.gq-magazin.de\/mode-stil\/modetrends\/gq-essentials\">30 Kleidungsst\u00fccke, die jeder Mann besitzen sollte&#8220;<\/a>, in dem zahlreiche Tipps und Vorschl\u00e4geschl\u00e4ge f\u00fcr eine Grundgarderobe und Kombinationsm\u00f6glichkeiten gegeben werden.<\/p>\n<p style=\"text-align: left;\">In diesem Sinne w\u00fcnschen wir euch ein wundervolles Weihnachtsfest und sehen uns im neuen Jahr wieder!<\/p>\n","protected":false},"excerpt":{"rendered":"<p>P\u00fcntklich zur Vorweihnachtszeit melden wir uns mal wieder mit einem Post zur\u00fcck! Diesmal mit einemThema, welches aktuell in meinem Freundeskreis hei\u00df diskutiert wird: Was ziehe ich &#8211; als Mann &#8211; f\u00fcr die betriebliche Weihnachtsfeier an?<\/p>\n","protected":false},"author":9,"featured_media":0,"comment_status":"open","ping_status":"open","sticky":false,"template":"","format":"standard","meta":{"footnotes":""},"categories":[9],"tags":[],"wps_subtitle":"Das perfekte Weihnachtsoutfit f\u00fcr 140\u20ac!","_links":{"self":[{"href":"https:\/\/et-voila.de\/blog\/wp-json\/wp\/v2\/posts\/55838"}],"collection":[{"href":"https:\/\/et-voila.de\/blog\/wp-json\/wp\/v2\/posts"}],"about":[{"href":"https:\/\/et-voila.de\/blog\/wp-json\/wp\/v2\/types\/post"}],"author":[{"embeddable":true,"href":"https:\/\/et-voila.de\/blog\/wp-json\/wp\/v2\/users\/9"}],"replies":[{"embeddable":true,"href":"https:\/\/et-voila.de\/blog\/wp-json\/wp\/v2\/comments?post=55838"}],"version-history":[{"count":8,"href":"https:\/\/et-voila.de\/blog\/wp-json\/wp\/v2\/posts\/55838\/revisions"}],"predecessor-version":[{"id":55848,"href":"https:\/\/et-voila.de\/blog\/wp-json\/wp\/v2\/posts\/55838\/revisions\/55848"}],"wp:attachment":[{"href":"https:\/\/et-voila.de\/blog\/wp-json\/wp\/v2\/media?parent=55838"}],"wp:term":[{"taxonomy":"category","embeddable":true,"href":"https:\/\/et-voila.de\/blog\/wp-json\/wp\/v2\/categories?post=55838"},{"taxonomy":"post_tag","embeddable":true,"href":"https:\/\/et-voila.de\/blog\/wp-json\/wp\/v2\/tags?post=55838"}],"curies":[{"name":"wp","href":"https:\/\/api.w.org\/{rel}","templated":true}]}}